{"id":12410,"date":"2026-03-11T14:47:04","date_gmt":"2026-03-11T17:47:04","guid":{"rendered":"https:\/\/consrosario.esteri.it\/news\/dal_consolato\/2026\/03\/lezione-magistrale-dantedi-dante-oltre-il-sud\/"},"modified":"2026-03-11T14:50:19","modified_gmt":"2026-03-11T17:50:19","slug":"lezione-magistrale-dantedi-dante-oltre-il-sud","status":"publish","type":"post","link":"https:\/\/consrosario.esteri.it\/es\/news\/dal_consolato\/2026\/03\/lezione-magistrale-dantedi-dante-oltre-il-sud\/","title":{"rendered":"Clase magistral Danted\u00ec \u00abDante, oltre il sud\u00bb"},"content":{"rendered":"<p data-start=\"0\" data-end=\"271\">La actividad celebra el <strong data-start=\"24\" data-end=\"35\">Danted\u00ec<\/strong>, jornada dedicada a <strong data-start=\"56\" data-end=\"75\">Dante Alighieri<\/strong> que conmemora el inicio del viaje de la <em data-start=\"116\" data-end=\"132\">Divina Comedia<\/em>. El evento est\u00e1 organizado por las c\u00e1tedras de Italiano y de Literatura Francesa e Italiana, junto con el Centro de Estudios Comparados.<\/p>\n<p data-start=\"273\" data-end=\"400\" data-is-last-node=\"\" data-is-only-node=\"\">La <strong data-start=\"276\" data-end=\"295\">clase magistral<\/strong> estar\u00e1 a cargo de <strong data-start=\"314\" data-end=\"332\">Adriana Crolla<\/strong> y estar\u00e1 dedicada a la figura de Dante y a la recepci\u00f3n de su obra.<\/p>\n","protected":false},"excerpt":{"rendered":"La actividad celebra el Danted\u00ec, jornada dedicada a Dante Alighieri que conmemora el inicio del viaje de la Divina Comedia. El evento est\u00e1 organizado por las c\u00e1tedras de Italiano y de Literatura Francesa e Italiana, junto con el Centro de Estudios Comparados. La clase magistral estar\u00e1 a cargo de Adriana Crolla y estar\u00e1 dedicada a [&hellip;]","protected":false},"author":5,"featured_media":12404,"comment_status":"closed","ping_status":"closed","sticky":false,"template":"","format":"standard","meta":{"footnotes":""},"tags":[],"class_list":["post-12410","post","type-post","status-publish","format-standard","has-post-thumbnail","hentry"],"_links":{"self":[{"href":"https:\/\/consrosario.esteri.it\/es\/wp-json\/wp\/v2\/posts\/12410","targetHints":{"allow":["GET"]}}],"collection":[{"href":"https:\/\/consrosario.esteri.it\/es\/wp-json\/wp\/v2\/posts"}],"about":[{"href":"https:\/\/consrosario.esteri.it\/es\/wp-json\/wp\/v2\/types\/post"}],"author":[{"embeddable":true,"href":"https:\/\/consrosario.esteri.it\/es\/wp-json\/wp\/v2\/users\/5"}],"replies":[{"embeddable":true,"href":"https:\/\/consrosario.esteri.it\/es\/wp-json\/wp\/v2\/comments?post=12410"}],"version-history":[{"count":1,"href":"https:\/\/consrosario.esteri.it\/es\/wp-json\/wp\/v2\/posts\/12410\/revisions"}],"predecessor-version":[{"id":12413,"href":"https:\/\/consrosario.esteri.it\/es\/wp-json\/wp\/v2\/posts\/12410\/revisions\/12413"}],"wp:featuredmedia":[{"embeddable":true,"href":"https:\/\/consrosario.esteri.it\/es\/wp-json\/wp\/v2\/media\/12404"}],"wp:attachment":[{"href":"https:\/\/consrosario.esteri.it\/es\/wp-json\/wp\/v2\/media?parent=12410"}],"wp:term":[{"taxonomy":"post_tag","embeddable":true,"href":"https:\/\/consrosario.esteri.it\/es\/wp-json\/wp\/v2\/tags?post=12410"}],"curies":[{"name":"wp","href":"https:\/\/api.w.org\/{rel}","templated":true}]}}