{"id":1721,"date":"2020-09-03T16:31:39","date_gmt":"2020-09-03T19:31:39","guid":{"rendered":"https:\/\/consrosario.esteri.it\/news\/dal_consolato\/2020\/09\/ventunesima-edizione-del-festival-2\/"},"modified":"2020-09-03T16:31:39","modified_gmt":"2020-09-03T19:31:39","slug":"ventunesima-edizione-del-festival-2","status":"publish","type":"post","link":"https:\/\/consrosario.esteri.it\/es\/news\/dal_consolato\/2020\/09\/ventunesima-edizione-del-festival-2\/","title":{"rendered":"Vig\u00e9simoprimera edici\u00f3n del Festival de Literatura Pordenonelegge (16-21 de septiembre) &#8211; Programa de eventos en streaming"},"content":{"rendered":"<p style=\"text-align: justify;\">Del 16 al 20 de septiembre tendr\u00e1 lugar la 21\u00aa edici\u00f3n de Pordenonelegge, uno de los principales festivales literarios nacionales de Italia.<\/p>\n<p style=\"text-align: justify;\">Entre la Pordenone y la provincia, el festival acoger\u00e1 a unos 250 autores en m\u00e1s de 120 encuentros. El evento representa una referencia principal para los avances de oto\u00f1o y las noticias editoriales e incluye una treintena de novedades en el calendario, incluidas novelas y ensayos de autores italianos e internacionales.<\/p>\n<p style=\"text-align: justify;\">En vista de la emergencia sanitaria, este a\u00f1o se transmitir\u00e1n (en vivo o grabados) m\u00e1s de 60 eventos del festival.<\/p>\n<p style=\"text-align: justify;\">Los eventos se transmitir\u00e1n en la p\u00e1gina dedicada del sitio <a href=\"https:\/\/www.pordenonelegge.it\/tv\">https:\/\/www.pordenonelegge.it\/tv<\/a>\u00a0<\/p>\n<p>El programa de los eventos que se transmitir\u00e1n en Pordenoneleggetv se puede encontrar haciendo <a href=\"\/consolato_rosario\/resource\/img\/2020\/09\/palinsesto_pordenoneleggetv.pdf\">clic aqu\u00ed<\/a>.<\/p>\n","protected":false},"excerpt":{"rendered":"Del 16 al 20 de septiembre tendr\u00e1 lugar la 21\u00aa edici\u00f3n de Pordenonelegge, uno de los principales festivales literarios nacionales de Italia. Entre la Pordenone y la provincia, el festival acoger\u00e1 a unos 250 autores en m\u00e1s de 120 encuentros. El evento representa una referencia principal para los avances de oto\u00f1o y las noticias editoriales [&hellip;]","protected":false},"author":1,"featured_media":0,"comment_status":"","ping_status":"","sticky":false,"template":"","format":"standard","meta":{"footnotes":""},"tags":[],"class_list":["post-1721","post","type-post","status-publish","format-standard","hentry"],"_links":{"self":[{"href":"https:\/\/consrosario.esteri.it\/es\/wp-json\/wp\/v2\/posts\/1721","targetHints":{"allow":["GET"]}}],"collection":[{"href":"https:\/\/consrosario.esteri.it\/es\/wp-json\/wp\/v2\/posts"}],"about":[{"href":"https:\/\/consrosario.esteri.it\/es\/wp-json\/wp\/v2\/types\/post"}],"author":[{"embeddable":true,"href":"https:\/\/consrosario.esteri.it\/es\/wp-json\/wp\/v2\/users\/1"}],"replies":[{"embeddable":true,"href":"https:\/\/consrosario.esteri.it\/es\/wp-json\/wp\/v2\/comments?post=1721"}],"version-history":[{"count":0,"href":"https:\/\/consrosario.esteri.it\/es\/wp-json\/wp\/v2\/posts\/1721\/revisions"}],"wp:attachment":[{"href":"https:\/\/consrosario.esteri.it\/es\/wp-json\/wp\/v2\/media?parent=1721"}],"wp:term":[{"taxonomy":"post_tag","embeddable":true,"href":"https:\/\/consrosario.esteri.it\/es\/wp-json\/wp\/v2\/tags?post=1721"}],"curies":[{"name":"wp","href":"https:\/\/api.w.org\/{rel}","templated":true}]}}