{"id":1725,"date":"2020-08-31T15:13:22","date_gmt":"2020-08-31T18:13:22","guid":{"rendered":"https:\/\/consrosario.esteri.it\/news\/dal_consolato\/2020\/08\/ravenna-5-e-13-settembre-2020-apertura-2\/"},"modified":"2020-08-31T15:13:22","modified_gmt":"2020-08-31T18:13:22","slug":"ravenna-5-e-13-settembre-2020-apertura-2","status":"publish","type":"post","link":"https:\/\/consrosario.esteri.it\/es\/news\/dal_consolato\/2020\/08\/ravenna-5-e-13-settembre-2020-apertura-2\/","title":{"rendered":"RAVENNA &#8211; 5 y 13 de septiembre de 2020. APERTURA DE LAS CELEBRACIONES DEL 700\u00ba ANIVERSARIO DEL FALLECIMIENTO DE DANTE ALIGHIERI, EN PRESENCIA DEL PRESIDENTE DE LA REP\u00daBLICA"},"content":{"rendered":"<p>\u00a0<\/p>\n<p style=\"text-align: justify;\">\u00a0<\/p>\n<p style=\"margin: 0cm 0cm 8pt; text-align: justify;\">\u00a0<\/p>\n<p style=\"margin: 0cm 0cm 8pt; text-align: center;\"><img decoding=\"async\" src=\"resource\/img\/2020\/06\/logo_consolato_o_small.jpg\" alt=\"logo consolato o small\" \/><\/p>\n<p style=\"margin: 0cm 0cm 8pt; text-align: center;\">\u00a0<\/p>\n<p style=\"margin: 0cm 0cm 8pt; text-align: center;\"><strong>RAVENNA &#8211; 5 y 13 de septiembre de 2020. APERTURA DE LAS CELEBRACIONES DEL 700\u00ba ANIVERSARIO DEL FALLECIMIENTO DE DANTE ALIGHIERI, EN PRESENCIA DEL PRESIDENTE DE LA REP\u00daBLICA<\/strong><\/p>\n<p style=\"margin: 0cm 0cm 8pt; text-align: justify;\"><span style=\"font-family: Calibri; font-size: medium;\">Los d\u00edas 5 y 13 de septiembre en la ciudad de Ravena se llevar\u00e1n a cabo una serie de eventos con motivo del pr\u00f3ximo 700\u00ba aniversario del fallecimiento de Dante Alighieri.<\/span><\/p>\n<p style=\"text-align: justify;\">\u00a0<\/p>\n<p style=\"margin: 0cm 0cm 8pt; text-align: justify;\"><span style=\"font-family: Calibri; font-size: medium;\">El 5 de septiembre, en presencia del Presidente de la Rep\u00fablica, los festejos comenzar\u00e1n a las 20:30 horas con la solemne reapertura de la tumba del Poeta y el cercano \u201cQuadrarco di Braccioforte\u201c. La ceremonia ser\u00e1 precedida y seguida por la interpretaci\u00f3n de composiciones musicales que hagan referencia a la obra de Dante.<\/span><\/p>\n<p style=\"text-align: justify;\">\u00a0<\/p>\n<p style=\"margin: 0cm 0cm 8pt; text-align: justify;\"><span style=\"font-family: Calibri; font-size: medium;\">El conjunto vocal Voces Suaves interpretar\u00e1 \u201cQuivi Sospiri\u201d de Luzzasco Luzzaschi del Segundo Libro de los madrigales a cinco voces (1576) en el que se musicalizan versos del canto III del Infierno; seguir\u00e1 \u201cIo sono amore angelico\u201d, de Joanne Metcalf, de \u201cIl nome del bel fior\u201d (1988) con versos del canto XXXIII del Para\u00edso. Posteriormente, en la Piazza San Francesco, la pianista Yulianna Avdeeva interpretar\u00e1 la Fantasia quasi Sonata \u2013 Apre\u2019s une Lecture de Dante-, de Franz Liszt, mientras que el bar\u00edtono Luca Micheletti y el pianista Davide Cavalli propondr\u00e1n \u00abIl conte Ugolino\u00bb del canto XXXIII del Inferno, de Gaetano Donizetti. Para cerrar el actor Elio Germano leer\u00e1 el canto XXXIII del Para\u00edso.<\/span><\/p>\n<p style=\"text-align: justify;\">\u00a0<\/p>\n<p style=\"margin: 0cm 0cm 8pt; text-align: justify;\"><span style=\"font-family: Calibri; font-size: medium;\">El 13 de septiembre, como parte de un programa articulado de eventos, cabe destacar la performance dram\u00e1tica coral de Marco Martinelli y Ermanna Montanari (Teatro Ravenna &#8211; Teatro delle Albe) con los ciudadanos del Cantiere Dante; la ceremonia de ofrenda por parte del Municipio de Florencia del aceite para la l\u00e1mpara votiva de la tumba y la conferencia del profesor Carlo Ossola, Presidente del Comitato dantesco nazionale.<\/span><\/p>\n<p style=\"text-align: justify;\">\u00a0<\/p>\n<p style=\"margin: 0cm 0cm 8pt; text-align: justify;\"><span style=\"font-family: Calibri; font-size: medium;\">Los eventos programados para el 5 y 13 de septiembre en Ravenna se pueden seguir en directo en la p\u00e1gina <a href=\"http:\/\/www.ravennafestival.live\">www.ravennafestival.live<\/a>, en la secci\u00f3n especial <a href=\"http:\/\/www.ravennafestival.live\/live-stream\">www.ravennafestival.live\/live-stream<\/a>.<\/span><\/p>\n<p style=\"margin: 0cm 0cm 8pt; text-align: justify;\">\u00a0<\/p>\n<p style=\"margin: 0cm 0cm 8pt; text-align: justify;\"><em><strong>Il Dirigente \u2013 Ufficio Scolastico Consolato<\/strong><\/em><br \/><em><strong>Michele Negro<\/strong><\/em><\/p>\n<p style=\"text-align: justify;\">\u00a0<\/p>\n","protected":false},"excerpt":{"rendered":"\u00a0 \u00a0 \u00a0 \u00a0 RAVENNA &#8211; 5 y 13 de septiembre de 2020. APERTURA DE LAS CELEBRACIONES DEL 700\u00ba ANIVERSARIO DEL FALLECIMIENTO DE DANTE ALIGHIERI, EN PRESENCIA DEL PRESIDENTE DE LA REP\u00daBLICA Los d\u00edas 5 y 13 de septiembre en la ciudad de Ravena se llevar\u00e1n a cabo una serie de eventos con motivo del [&hellip;]","protected":false},"author":1,"featured_media":0,"comment_status":"","ping_status":"","sticky":false,"template":"","format":"standard","meta":{"footnotes":""},"tags":[],"class_list":["post-1725","post","type-post","status-publish","format-standard","hentry"],"_links":{"self":[{"href":"https:\/\/consrosario.esteri.it\/es\/wp-json\/wp\/v2\/posts\/1725","targetHints":{"allow":["GET"]}}],"collection":[{"href":"https:\/\/consrosario.esteri.it\/es\/wp-json\/wp\/v2\/posts"}],"about":[{"href":"https:\/\/consrosario.esteri.it\/es\/wp-json\/wp\/v2\/types\/post"}],"author":[{"embeddable":true,"href":"https:\/\/consrosario.esteri.it\/es\/wp-json\/wp\/v2\/users\/1"}],"replies":[{"embeddable":true,"href":"https:\/\/consrosario.esteri.it\/es\/wp-json\/wp\/v2\/comments?post=1725"}],"version-history":[{"count":0,"href":"https:\/\/consrosario.esteri.it\/es\/wp-json\/wp\/v2\/posts\/1725\/revisions"}],"wp:attachment":[{"href":"https:\/\/consrosario.esteri.it\/es\/wp-json\/wp\/v2\/media?parent=1725"}],"wp:term":[{"taxonomy":"post_tag","embeddable":true,"href":"https:\/\/consrosario.esteri.it\/es\/wp-json\/wp\/v2\/tags?post=1725"}],"curies":[{"name":"wp","href":"https:\/\/api.w.org\/{rel}","templated":true}]}}