{"id":1729,"date":"2020-08-22T23:28:13","date_gmt":"2020-08-23T02:28:13","guid":{"rendered":"https:\/\/consrosario.esteri.it\/news\/dal_consolato\/2020\/08\/continua-al-cinema-edizione-bellas_0-2\/"},"modified":"2020-08-22T23:28:13","modified_gmt":"2020-08-23T02:28:13","slug":"continua-al-cinema-edizione-bellas_0-2","status":"publish","type":"post","link":"https:\/\/consrosario.esteri.it\/es\/news\/dal_consolato\/2020\/08\/continua-al-cinema-edizione-bellas_0-2\/","title":{"rendered":"Contin\u00faa Al cinema! Edici\u00f3n Bellas Artes &#8211; Rosario"},"content":{"rendered":"<p style=\"text-align: justify;\">Contin\u00faa el ciclo Al cinema! organizado por el Consulado General de Italia en Rosario y el Instituto Italiano de Cultura de Buenos Aires\u00a0 con la colaboraci\u00f3n del Museo Nacional de Bellas Artes y de Mirada Distribution, que presenta un ciclo de pel\u00edculas italianas, muchas de las cuales no pasaron por los cines de nuestro pa\u00eds.<\/p>\n<p style=\"text-align: justify;\">Se trata de obras notables que recorren una gran variedad de g\u00e9neros, desde la comedia hasta el drama, desde la competencia deportiva hasta el policial, y reflejan la enorme diversidad y calidad actual del cine de Italia. La selecci\u00f3n, a cargo del Museo Nacional de Bellas Artes, tiene como eje la b\u00fasqueda de la universalidad, qu\u00e9 es lo que tiene para decir la pantalla italiana respecto del mundo a partir de sus personajes, de sus formas de decir y de mostrar.\u00a0Se trata, sobre todo, de pel\u00edculas que expresan adem\u00e1s el placer por contar con la imagen y el sonido. Desde la experimentaci\u00f3n euforizante hasta el m\u00e1s crudo de los realismos, estas pel\u00edculas italianas, pertenecientes a una cinematograf\u00eda que ha sido pionera en la creaci\u00f3n de formas ya desde el mismo inicio del s\u00e9ptimo arte, representan tambi\u00e9n la esperanza de que el cine siga vivo en \u00e9pocas donde tal supervivencia se plantea entre signos de interrogaci\u00f3n.<\/p>\n<p style=\"text-align: justify;\"><span style=\"text-decoration: underline;\">C\u00f3mo ver las pel\u00edculas<\/span><br \/>Cada uno de los films estar\u00e1 disponible durante cinco d\u00edas, a partir de los jueves a las 18. Para acceder al link de visionado gratuito, el espectador debe llenar un formulario de inscripci\u00f3n de Eventbrite disponible para cada uno de los eventos.<\/p>\n<p style=\"text-align: justify;\"><span style=\"text-decoration: underline;\">Pr\u00f3xima pel\u00edcula<br \/><\/span><strong><\/strong><\/p>\n<p style=\"text-align: justify;\"><strong>La leyenda de Kaspar Hauser<\/strong><\/p>\n<p style=\"text-align: justify;\">Duraci\u00f3n: 95 min.<br \/>Direcci\u00f3n: Davide Manuli<\/p>\n<p style=\"text-align: justify;\"><em>El cuerpo del pr\u00edncipe heredero Kaspar Hauser, que hab\u00eda desaparecido\u00a0misteriosamente de ni\u00f1o, aparece en alg\u00fan lugar cerca de la costa de Cerde\u00f1a en 1828. Esta\u00a0llegada pondr\u00e1 patas arriba las vidas de una peque\u00f1a comunidad de cinco personas que habita\u00a0la isla italiana.<\/em><\/p>\n<p style=\"text-align: justify;\"><strong><a href=\"https:\/\/www.eventbrite.com.ar\/e\/la-leyenda-de-kaspar-hauser-al-cinema-edicion-bellas-artes-rosario-tickets-117766182823\">RESERVA AQUI TU ENTRADA<\/a>\u00a0(desde el 27\/08 al 01\/09)<\/strong><\/p>\n","protected":false},"excerpt":{"rendered":"Contin\u00faa el ciclo Al cinema! organizado por el Consulado General de Italia en Rosario y el Instituto Italiano de Cultura de Buenos Aires\u00a0 con la colaboraci\u00f3n del Museo Nacional de Bellas Artes y de Mirada Distribution, que presenta un ciclo de pel\u00edculas italianas, muchas de las cuales no pasaron por los cines de nuestro pa\u00eds. [&hellip;]","protected":false},"author":1,"featured_media":0,"comment_status":"","ping_status":"","sticky":false,"template":"","format":"standard","meta":{"footnotes":""},"tags":[],"class_list":["post-1729","post","type-post","status-publish","format-standard","hentry"],"_links":{"self":[{"href":"https:\/\/consrosario.esteri.it\/es\/wp-json\/wp\/v2\/posts\/1729","targetHints":{"allow":["GET"]}}],"collection":[{"href":"https:\/\/consrosario.esteri.it\/es\/wp-json\/wp\/v2\/posts"}],"about":[{"href":"https:\/\/consrosario.esteri.it\/es\/wp-json\/wp\/v2\/types\/post"}],"author":[{"embeddable":true,"href":"https:\/\/consrosario.esteri.it\/es\/wp-json\/wp\/v2\/users\/1"}],"replies":[{"embeddable":true,"href":"https:\/\/consrosario.esteri.it\/es\/wp-json\/wp\/v2\/comments?post=1729"}],"version-history":[{"count":0,"href":"https:\/\/consrosario.esteri.it\/es\/wp-json\/wp\/v2\/posts\/1729\/revisions"}],"wp:attachment":[{"href":"https:\/\/consrosario.esteri.it\/es\/wp-json\/wp\/v2\/media?parent=1729"}],"wp:term":[{"taxonomy":"post_tag","embeddable":true,"href":"https:\/\/consrosario.esteri.it\/es\/wp-json\/wp\/v2\/tags?post=1729"}],"curies":[{"name":"wp","href":"https:\/\/api.w.org\/{rel}","templated":true}]}}