{"id":1748,"date":"2020-07-27T16:08:27","date_gmt":"2020-07-27T19:08:27","guid":{"rendered":"https:\/\/consrosario.esteri.it\/news\/dal_consolato\/2020\/07\/preparazione-alla-conferenza-degli-2\/"},"modified":"2020-07-27T16:08:27","modified_gmt":"2020-07-27T19:08:27","slug":"preparazione-alla-conferenza-degli-2","status":"publish","type":"post","link":"https:\/\/consrosario.esteri.it\/es\/news\/dal_consolato\/2020\/07\/preparazione-alla-conferenza-degli-2\/","title":{"rendered":"PREPARACI\u00d3N PARA LA CONFERENCIA DE CIENT\u00cdFICOS 2020. PREMIO PARA LOS MEJORES INVESTIGADORES Y FUNDADORES DE START UPS ITALIANOS EN EL EXTERIOR &#8211; CANDIDATURAS"},"content":{"rendered":"<p style=\"text-align: center;\"><img loading=\"lazy\" decoding=\"async\" src=\"resource\/img\/2020\/07\/maeci-consolato-generale-italia-v-it-05.png\" alt=\"maeci consolato generale italia v it 05\" width=\"250\" height=\"231\" \/><\/p>\n<p style=\"text-align: justify;\">En ocasi\u00f3n de la pr\u00f3xima edici\u00f3n de la Conferencia de Agregados Cient\u00edficos, la cual, vista la actual emergencia Covid-19, ser\u00e1 organizada el pr\u00f3ximo 26 de noviembre del 200 (fecha provisoria, a confirmar) con una modalidad <em>blended<\/em>, o videoconferencia y streaming, se se\u00f1ala que tambi\u00e9n este a\u00f1o, como un sustento m\u00e1s al programa de promoci\u00f3n integral, para favorecer la conexi\u00f3n entre el mundo de la investigaci\u00f3n y de las empresas, se promueve la cuarta edici\u00f3n del Premio Farnesina para investigadores y \u201cstartupper\u201d italianos en el extranjero que m\u00e1s se hayan destacado en el contexto del Pa\u00eds en el que se desenvuelven. El reconocimiento estar\u00e1 representado por una medalla y un diploma del MAECI que se entregar\u00e1n en el transcurso de la Conferencia.<\/p>\n<p>Con el objetivo de estimular las colaboraciones cient\u00edficas con Italia tanto en los pa\u00edses en los cuales operan nuestros Agregados Cient\u00edficos como en aquellos en los que la comunidad cient\u00edfica italiana est\u00e1 ya activamente presente, esta Sede consular recolectar\u00e1, <strong>hasta el 31 de agosto del 2020 a las 9.00 am<\/strong>, las candidaturas de los m\u00e1s brillantes investigadores y \u201cstartupper\u201d italianos destacados que se desenvuelvan en el territorio de la Circunscripci\u00f3n Consular de Rosario.<\/p>\n<p>Se adjunta la presente nota:<\/p>\n<p>&#8211; Adjunto 1:\u00a0<a href=\"resource\/doc\/2020\/07\/all._1_italian_bilateral_cooperation_award_call_for_nominations_2020_14.7.pdf\">Comunicado<br \/><\/a>&#8211; Adjunto 2:\u00a0<a href=\"resource\/doc\/2020\/07\/all_2_premio_innovazione_italia_2020_2_14.7.pdf\">Invitaci\u00f3n a la presentaci\u00f3n de candidaturas<\/a><\/p>\n<p style=\"text-align: center;\">\u00a0<\/p>\n<p style=\"text-align: center;\">IL CONSOLE GENERALE<br \/>(Martin Brook)<\/p>\n","protected":false},"excerpt":{"rendered":"En ocasi\u00f3n de la pr\u00f3xima edici\u00f3n de la Conferencia de Agregados Cient\u00edficos, la cual, vista la actual emergencia Covid-19, ser\u00e1 organizada el pr\u00f3ximo 26 de noviembre del 200 (fecha provisoria, a confirmar) con una modalidad blended, o videoconferencia y streaming, se se\u00f1ala que tambi\u00e9n este a\u00f1o, como un sustento m\u00e1s al programa de promoci\u00f3n integral, [&hellip;]","protected":false},"author":1,"featured_media":0,"comment_status":"","ping_status":"","sticky":false,"template":"","format":"standard","meta":{"footnotes":""},"tags":[],"class_list":["post-1748","post","type-post","status-publish","format-standard","hentry"],"_links":{"self":[{"href":"https:\/\/consrosario.esteri.it\/es\/wp-json\/wp\/v2\/posts\/1748","targetHints":{"allow":["GET"]}}],"collection":[{"href":"https:\/\/consrosario.esteri.it\/es\/wp-json\/wp\/v2\/posts"}],"about":[{"href":"https:\/\/consrosario.esteri.it\/es\/wp-json\/wp\/v2\/types\/post"}],"author":[{"embeddable":true,"href":"https:\/\/consrosario.esteri.it\/es\/wp-json\/wp\/v2\/users\/1"}],"replies":[{"embeddable":true,"href":"https:\/\/consrosario.esteri.it\/es\/wp-json\/wp\/v2\/comments?post=1748"}],"version-history":[{"count":0,"href":"https:\/\/consrosario.esteri.it\/es\/wp-json\/wp\/v2\/posts\/1748\/revisions"}],"wp:attachment":[{"href":"https:\/\/consrosario.esteri.it\/es\/wp-json\/wp\/v2\/media?parent=1748"}],"wp:term":[{"taxonomy":"post_tag","embeddable":true,"href":"https:\/\/consrosario.esteri.it\/es\/wp-json\/wp\/v2\/tags?post=1748"}],"curies":[{"name":"wp","href":"https:\/\/api.w.org\/{rel}","templated":true}]}}