{"id":1763,"date":"2020-07-06T17:55:06","date_gmt":"2020-07-06T20:55:06","guid":{"rendered":"https:\/\/consrosario.esteri.it\/news\/dal_consolato\/2020\/07\/voli-speciali-per-l-europa-2\/"},"modified":"2020-07-06T17:55:06","modified_gmt":"2020-07-06T20:55:06","slug":"voli-speciali-per-l-europa-2","status":"publish","type":"post","link":"https:\/\/consrosario.esteri.it\/es\/news\/dal_consolato\/2020\/07\/voli-speciali-per-l-europa-2\/","title":{"rendered":"Vuelos especiales hacia Europa"},"content":{"rendered":"<p>Les informamos las fechas de los pr\u00f3ximos vuelos especiales con destinaci\u00f3n a algunos pa\u00edses europeos que se han puesto a la venta. Para mayores informaciones consultar directamente la p\u00e1gina de la compa\u00f1\u00eda a\u00e9rea.<\/p>\n<p><img decoding=\"async\" src=\"resource\/img\/2020\/07\/elenco_voli.jpg\" alt=\"elenco voli\" \/><\/p>\n","protected":false},"excerpt":{"rendered":"Les informamos las fechas de los pr\u00f3ximos vuelos especiales con destinaci\u00f3n a algunos pa\u00edses europeos que se han puesto a la venta. Para mayores informaciones consultar directamente la p\u00e1gina de la compa\u00f1\u00eda a\u00e9rea.","protected":false},"author":1,"featured_media":0,"comment_status":"","ping_status":"","sticky":false,"template":"","format":"standard","meta":{"footnotes":""},"tags":[],"class_list":["post-1763","post","type-post","status-publish","format-standard","hentry"],"_links":{"self":[{"href":"https:\/\/consrosario.esteri.it\/es\/wp-json\/wp\/v2\/posts\/1763","targetHints":{"allow":["GET"]}}],"collection":[{"href":"https:\/\/consrosario.esteri.it\/es\/wp-json\/wp\/v2\/posts"}],"about":[{"href":"https:\/\/consrosario.esteri.it\/es\/wp-json\/wp\/v2\/types\/post"}],"author":[{"embeddable":true,"href":"https:\/\/consrosario.esteri.it\/es\/wp-json\/wp\/v2\/users\/1"}],"replies":[{"embeddable":true,"href":"https:\/\/consrosario.esteri.it\/es\/wp-json\/wp\/v2\/comments?post=1763"}],"version-history":[{"count":0,"href":"https:\/\/consrosario.esteri.it\/es\/wp-json\/wp\/v2\/posts\/1763\/revisions"}],"wp:attachment":[{"href":"https:\/\/consrosario.esteri.it\/es\/wp-json\/wp\/v2\/media?parent=1763"}],"wp:term":[{"taxonomy":"post_tag","embeddable":true,"href":"https:\/\/consrosario.esteri.it\/es\/wp-json\/wp\/v2\/tags?post=1763"}],"curies":[{"name":"wp","href":"https:\/\/api.w.org\/{rel}","templated":true}]}}