{"id":1777,"date":"2020-06-15T16:53:03","date_gmt":"2020-06-15T19:53:03","guid":{"rendered":"https:\/\/consrosario.esteri.it\/news\/dal_consolato\/2020\/06\/fare-cinema-2020-terza-edizione-2\/"},"modified":"2020-06-15T16:53:03","modified_gmt":"2020-06-15T19:53:03","slug":"fare-cinema-2020-terza-edizione-2","status":"publish","type":"post","link":"https:\/\/consrosario.esteri.it\/es\/news\/dal_consolato\/2020\/06\/fare-cinema-2020-terza-edizione-2\/","title":{"rendered":"Fare cinema 2020 &#8211; Tercera edici\u00f3n"},"content":{"rendered":"<p>Desde el 15 al 21 de junio se realizar\u00e1 la tercera edici\u00f3n de \u00abFare Cinema\u00bb, el ciclo tem\u00e1tico dedicado a la promoci\u00f3n del cine y de la industria cinematogr\u00e1fica italiana, organizada por el Ministerio de Relaciones Exteriores y de la Cooperaci\u00f3n internacional en colaboraci\u00f3n con MiBACT, ANICA, ICE y el Istituto Luce &#8211; Cinecitt\u00e0.<br \/>Como siempre, se lanzar\u00e1n contenidos en todo el mundo dedicados al cine italiano con el doble objetivo de valorizar la creatividad y las profesionalidades italianas del sector. Pero este a\u00f1o, dadas las condiciones ligadas a la emergencia sanitaria, el ciclo ser\u00e1 realizado completamente en modalidad online, tambi\u00e9n gracias a la colaboraci\u00f3n con la plataforma RaiPlay.<br \/>La edici\u00f3n 2020 adem\u00e1s rendir\u00e1 homenaje a la figura de Federico Fellini, en el a\u00f1o del centenario de su nacimiento. Estas celebraciones del centenario del nacimiento comprender\u00e1n tambi\u00e9n al gran actor Alberto Sordi, a quien estar\u00e1n dedicados algunos contenidos espec\u00ecficos. Adem\u00e1s como en las ediciones anteriores, tambi\u00e9n en el 2020 \u201cFare Cinema\u201d mantendr\u00e1 el focus en los \u201coficios del cine\u201d, con contenidos espec\u00edficos y subtitulados al espa\u00f1ol.<\/p>\n<p><strong>ENCUENTRA AQU\u00cd TODOS LOS CONTENIDOS:<\/strong>\u00a0<a href=\"https:\/\/www.raiplay.it\/fare-cinema\/\">https:\/\/www.raiplay.it\/fare-cinema\/<\/a><\/p>\n<p>Fiel a su misi\u00f3n de difunsi\u00f3n del cine italiano en Argentina, para el Instituto Italiano de Cultura de Buenos Aires la semana dedicada a \u201cFare Cinema\u201d (Hacer Cine) ser\u00e1 la oportunidad para continuar a difundir el ciclo propio \u201cAl Cinema!\u201d -dedicado a las producciones italianas contempor\u00e1neas que ya lleg\u00f3 a su tercera temporada- y desde el 9 de abril se viene proponiendo semanalmente por streaming con un gran \u00e9xito. Para esta celebraci\u00f3n el ciclo llegar\u00e1 tambi\u00e9n a Rosario, presentando la extensi\u00f3n \u201cCiclo al Cinema Buenos Aires-Rosario\u201d que desde el 18 de junio al 23 de julio se realizar\u00e1 en colaboraci\u00f3n con el Consulado General de Rosario, convocando virtualmente al p\u00fablico de las dos sedes a participar de las proyecciones online de 6 t\u00edtulos. M\u00e1s informaciones <a href=\"es\/la_comunicazione\/dal_consolato\/2020\/06\/ciclo-al-cinema-edizione-speciale.html\">cliqueando aqu\u00ed<\/a>.<\/p>\n","protected":false},"excerpt":{"rendered":"Desde el 15 al 21 de junio se realizar\u00e1 la tercera edici\u00f3n de \u00abFare Cinema\u00bb, el ciclo tem\u00e1tico dedicado a la promoci\u00f3n del cine y de la industria cinematogr\u00e1fica italiana, organizada por el Ministerio de Relaciones Exteriores y de la Cooperaci\u00f3n internacional en colaboraci\u00f3n con MiBACT, ANICA, ICE y el Istituto Luce &#8211; Cinecitt\u00e0.Como siempre, [&hellip;]","protected":false},"author":1,"featured_media":0,"comment_status":"","ping_status":"","sticky":false,"template":"","format":"standard","meta":{"footnotes":""},"tags":[],"class_list":["post-1777","post","type-post","status-publish","format-standard","hentry"],"_links":{"self":[{"href":"https:\/\/consrosario.esteri.it\/es\/wp-json\/wp\/v2\/posts\/1777","targetHints":{"allow":["GET"]}}],"collection":[{"href":"https:\/\/consrosario.esteri.it\/es\/wp-json\/wp\/v2\/posts"}],"about":[{"href":"https:\/\/consrosario.esteri.it\/es\/wp-json\/wp\/v2\/types\/post"}],"author":[{"embeddable":true,"href":"https:\/\/consrosario.esteri.it\/es\/wp-json\/wp\/v2\/users\/1"}],"replies":[{"embeddable":true,"href":"https:\/\/consrosario.esteri.it\/es\/wp-json\/wp\/v2\/comments?post=1777"}],"version-history":[{"count":0,"href":"https:\/\/consrosario.esteri.it\/es\/wp-json\/wp\/v2\/posts\/1777\/revisions"}],"wp:attachment":[{"href":"https:\/\/consrosario.esteri.it\/es\/wp-json\/wp\/v2\/media?parent=1777"}],"wp:term":[{"taxonomy":"post_tag","embeddable":true,"href":"https:\/\/consrosario.esteri.it\/es\/wp-json\/wp\/v2\/tags?post=1777"}],"curies":[{"name":"wp","href":"https:\/\/api.w.org\/{rel}","templated":true}]}}