{"id":1964,"date":"2018-11-29T15:36:04","date_gmt":"2018-11-29T18:36:04","guid":{"rendered":"https:\/\/consrosario.esteri.it\/news\/dal_consolato\/2018\/11\/25-novembre-giornata-internazionale-2\/"},"modified":"2018-11-29T15:36:04","modified_gmt":"2018-11-29T18:36:04","slug":"25-novembre-giornata-internazionale-2","status":"publish","type":"post","link":"https:\/\/consrosario.esteri.it\/es\/news\/dal_consolato\/2018\/11\/25-novembre-giornata-internazionale-2\/","title":{"rendered":"25 de noviembre \u2013 D\u00eda Internacional de la Eliminaci\u00f3n de la Violencia contra la Mujer"},"content":{"rendered":"<p>En recurrencia del D\u00eda Internacional de la Eliminaci\u00f3n de la Violencia contra la Mujer, Italia confirma su compromiso a promover la igualdad de g\u00e9nero y la lucha contra cualquier manera de discriminaci\u00f3n y violencia contra las mujeres, entre los temas prioritarios en v\u00edsperas del mandato trienal del Consejo de Derechos Humanos de las Naciones Unidas que iniciar\u00e1 el 1\u00ba de enero de 2019.<\/p>\n<p>Como cada a\u00f1o, el Ministerio de Asuntos Exteriores y de la Cooperaci\u00f3n Internacional de Italia adhiere a la campa\u00f1a de sensibilizaci\u00f3n UN Women \u201cOrange the World\u201d que en los medios aparecer\u00e1 con el hashtag #HearMeToo, para llamar la atenci\u00f3n sobre los testimonios de las activistas y de sus historias para prevenir cualquier forma de violencia contra las mujeres.<\/p>\n<p>Como en a\u00f1os anteriores, el color naranja ser\u00e1 el hilo conductor de las iniciativas y los eventos realizados en el marco de la campa\u00f1a. Por primera vez el Palacio de la Farnesina se iluminar\u00e1 de naranja la noche del domingo 25 de noviembre.<\/p>\n<p>Italia se ha comprometido activamente en la promoci\u00f3n de la igualdad de g\u00e9nero y de los derechos de las mujeres, tanto en el plano diplom\u00e1tico como en el de la cooperaci\u00f3n y el desarrollo. En los d\u00edas pasados, tambi\u00e9n gracias al aporte de Italia, la Tercera Comisi\u00f3n de la Asamblea General de las Naciones Unidas (competente en materia de derechos humanos, cuestiones sociales y humanitarias) ha adoptado importantes resoluciones sobre los derechos de las mujeres y, en particular, sobre la violencia ejercida hacia ellas.<\/p>\n<p>La promoci\u00f3n de la igualdad de g\u00e9nero y del empoderamiento de las mujeres contin\u00faa siendo una prioridad transversal en todos los proyectos de cooperaci\u00f3n, adem\u00e1s de todas las iniciativas espec\u00edficas dedicadas a las mujeres adultas y menores de edad en l\u00ednea con el objetivo sustentable SDG 5 de la Agenda 2030. Este a\u00f1o, adem\u00e1s, Italia increment\u00f3 la colaboraci\u00f3n con las Agencias de las Naciones Unidas que se ocupan de cuestiones de g\u00e9nero: la UN Women\u00a0y la UNFPA.<\/p>\n<p>En el \u201cPlan estrat\u00e9gico nacional sobre la violencia machista hacia las mujeres 2017-2020\u201d aprobado en noviembre en l\u00ednea con la \u201cConvenci\u00f3n de Estambul\u201d (Convenio del Consejo de Europa sobre prevenci\u00f3n y lucha contra la violencia contra la mujer y la violencia dom\u00e9stica), Italia se comprometi\u00f3 en proyectos de empoderamiento de g\u00e9nero y en programas de lucha\u00a0contra cualquier forma de violencia\u00a0hacia las mujeres y las ni\u00f1as, particularmente en las inaceptables mutilaciones de \u00f3rganos femeninos y los matrimonios forzados de menores.<\/p>\n<p>Italia sostiene adem\u00e1s iniciativas internacionales para la prevenci\u00f3n de la violencia sexual y de g\u00e9nero en las situaciones de conflicto y de emergencia, entre los cuales \u201cCall to Action on Protection from Gender-Based Violence in Emergencies\u201d. Nuestro pa\u00eds se encuentra desde hace tiempo comprometido tambi\u00e9n en la promoci\u00f3n de una pol\u00edtica de tolerancia cero contra los abusos y la explotaci\u00f3n sexual cometidos por personal militar y civil de las misiones de paz de la ONU.<\/p>\n<p>Es fundamental, adem\u00e1s, la promoci\u00f3n del rol de las mujeres en el proceso de mediaci\u00f3n y de prevenci\u00f3n de los conflictos, donde Italia se encuentra en primera l\u00ednea, en particular con el Network de las Mujeres Mediadoras del Mediterr\u00e1neo.<\/p>\n<p>Italia se encuentra entre los pa\u00edses m\u00e1s comprometidos en la prevenci\u00f3n y lucha contra la explotaci\u00f3n, los abusos y las acosos sexuales en el sector de ayuda humanitaria como indicado en\u00a0la declaraci\u00f3n de G7 de Whistler, en el \u00abCircle of Leadership\u201d del Secretario General de las Naciones Unidas y adhiriendo a los compromisos anunciados en ocasi\u00f3n de \u201cSafeguarding Summit\u201d de Londres del 18 de octubre.<\/p>\n","protected":false},"excerpt":{"rendered":"En recurrencia del D\u00eda Internacional de la Eliminaci\u00f3n de la Violencia contra la Mujer, Italia confirma su compromiso a promover la igualdad de g\u00e9nero y la lucha contra cualquier manera de discriminaci\u00f3n y violencia contra las mujeres, entre los temas prioritarios en v\u00edsperas del mandato trienal del Consejo de Derechos Humanos de las Naciones Unidas [&hellip;]","protected":false},"author":1,"featured_media":0,"comment_status":"","ping_status":"","sticky":false,"template":"","format":"standard","meta":{"footnotes":""},"tags":[],"class_list":["post-1964","post","type-post","status-publish","format-standard","hentry"],"_links":{"self":[{"href":"https:\/\/consrosario.esteri.it\/es\/wp-json\/wp\/v2\/posts\/1964","targetHints":{"allow":["GET"]}}],"collection":[{"href":"https:\/\/consrosario.esteri.it\/es\/wp-json\/wp\/v2\/posts"}],"about":[{"href":"https:\/\/consrosario.esteri.it\/es\/wp-json\/wp\/v2\/types\/post"}],"author":[{"embeddable":true,"href":"https:\/\/consrosario.esteri.it\/es\/wp-json\/wp\/v2\/users\/1"}],"replies":[{"embeddable":true,"href":"https:\/\/consrosario.esteri.it\/es\/wp-json\/wp\/v2\/comments?post=1964"}],"version-history":[{"count":0,"href":"https:\/\/consrosario.esteri.it\/es\/wp-json\/wp\/v2\/posts\/1964\/revisions"}],"wp:attachment":[{"href":"https:\/\/consrosario.esteri.it\/es\/wp-json\/wp\/v2\/media?parent=1964"}],"wp:term":[{"taxonomy":"post_tag","embeddable":true,"href":"https:\/\/consrosario.esteri.it\/es\/wp-json\/wp\/v2\/tags?post=1964"}],"curies":[{"name":"wp","href":"https:\/\/api.w.org\/{rel}","templated":true}]}}