{"id":2008,"date":"2018-06-07T03:56:27","date_gmt":"2018-06-07T06:56:27","guid":{"rendered":"https:\/\/consrosario.esteri.it\/news\/dal_consolato\/2018\/06\/immatricolazione-universita-e-afam-2\/"},"modified":"2018-06-07T03:56:27","modified_gmt":"2018-06-07T06:56:27","slug":"immatricolazione-universita-e-afam-2","status":"publish","type":"post","link":"https:\/\/consrosario.esteri.it\/es\/news\/dal_consolato\/2018\/06\/immatricolazione-universita-e-afam-2\/","title":{"rendered":"MATRICULACI\u00d3N A LAS UNIVERSIDADES E INSTITUCIONES AFAM ITALIANAS  PARA ESTUDIANTES INTERNACIONALES. A\u00d1O ACAD\u00c9MICO 2018-2019. PUBLICACI\u00d3N DE CALENDARIOS E INICIO APERTURA PREINSCRIPCIONES."},"content":{"rendered":"<p>Informaci\u00f3n disponible solamente en\u00a0italiano (<a href=\"it\/la_comunicazione\/dal_consolato\/2018\/06\/immatricolazione-universita-e-afam.html\">cliquear aqu\u00ed<\/a>).<\/p>\n","protected":false},"excerpt":{"rendered":"Informaci\u00f3n disponible solamente en\u00a0italiano (cliquear aqu\u00ed).","protected":false},"author":1,"featured_media":0,"comment_status":"","ping_status":"","sticky":false,"template":"","format":"standard","meta":{"footnotes":""},"tags":[],"class_list":["post-2008","post","type-post","status-publish","format-standard","hentry"],"_links":{"self":[{"href":"https:\/\/consrosario.esteri.it\/es\/wp-json\/wp\/v2\/posts\/2008","targetHints":{"allow":["GET"]}}],"collection":[{"href":"https:\/\/consrosario.esteri.it\/es\/wp-json\/wp\/v2\/posts"}],"about":[{"href":"https:\/\/consrosario.esteri.it\/es\/wp-json\/wp\/v2\/types\/post"}],"author":[{"embeddable":true,"href":"https:\/\/consrosario.esteri.it\/es\/wp-json\/wp\/v2\/users\/1"}],"replies":[{"embeddable":true,"href":"https:\/\/consrosario.esteri.it\/es\/wp-json\/wp\/v2\/comments?post=2008"}],"version-history":[{"count":0,"href":"https:\/\/consrosario.esteri.it\/es\/wp-json\/wp\/v2\/posts\/2008\/revisions"}],"wp:attachment":[{"href":"https:\/\/consrosario.esteri.it\/es\/wp-json\/wp\/v2\/media?parent=2008"}],"wp:term":[{"taxonomy":"post_tag","embeddable":true,"href":"https:\/\/consrosario.esteri.it\/es\/wp-json\/wp\/v2\/tags?post=2008"}],"curies":[{"name":"wp","href":"https:\/\/api.w.org\/{rel}","templated":true}]}}