{"id":2030,"date":"2018-03-22T12:37:43","date_gmt":"2018-03-22T15:37:43","guid":{"rendered":"https:\/\/consrosario.esteri.it\/news\/dal_consolato\/2018\/03\/universita-degli-studi-di-udine_0-2\/"},"modified":"2018-03-22T12:37:43","modified_gmt":"2018-03-22T15:37:43","slug":"universita-degli-studi-di-udine_0-2","status":"publish","type":"post","link":"https:\/\/consrosario.esteri.it\/es\/news\/dal_consolato\/2018\/03\/universita-degli-studi-di-udine_0-2\/","title":{"rendered":"UNIVERSIT\u00c0 DEGLI STUDI DI UDINE. CURSO INTENSIVO DE LENGUA Y CULTURA ITALIANA, VERANO BOREAL 2018: DEL 3 AL 31 DE JULIO DE 2018"},"content":{"rendered":"<p>Publicamos la noticia en formato PDF [<a href=\"resource\/doc\/2018\/03\/corso_intensivo_di_lingua_e_cultura_italiana_2018.pdf\">cliquear aqu\u00ed<\/a>], en lengua italiana, junto con el formulario de inscripci\u00f3n [<a href=\"resource\/doc\/2018\/03\/modulo_di_iscrizione_i.s.c._2018.doc\">cliquear aqu\u00ed<\/a>] para enviar a la Universidad de Udine.<\/p>\n<p>Plazo para\u00a0la inscripci\u00f3n: 25 de mayo de 2018.<\/p>\n<p>Contacto:<br \/>Universit\u00e0 degli Studi di Udine<br \/>Area Servizi agli Studenti (ASTU)<br \/>Ufficio Mobilit\u00e0 e Relazioni Internazionali<br \/>via Palladio n. 8 &#8211; 33100 Udine (UD) &#8211; Italia<br \/>\u2022 Alessia Bruno<br \/>e-mail: alessia.bruno@uniud.it<br \/>telefono: +39 0432 556497 fax: +39 0432 556496<br \/>\u2022 Massimo Plaino<br \/>e-mail: massimo.plaino@uniud.it<br \/>telefono: +39 0432 556218 fax: +39 0432 556496<\/p>\n<p>Curso Intensivo de Lengua\u00a0y Cultura Italiana 2018:<br \/><a href=\"http:\/\/www.uniud.it\/it\/international-area\/studenti-mobilita-ingresso\/ISC\">www.uniud.it\/it\/international-area\/studenti-mobilita-ingresso\/ISC<\/a><\/p>\n","protected":false},"excerpt":{"rendered":"Publicamos la noticia en formato PDF [cliquear aqu\u00ed], en lengua italiana, junto con el formulario de inscripci\u00f3n [cliquear aqu\u00ed] para enviar a la Universidad de Udine. Plazo para\u00a0la inscripci\u00f3n: 25 de mayo de 2018. Contacto:Universit\u00e0 degli Studi di UdineArea Servizi agli Studenti (ASTU)Ufficio Mobilit\u00e0 e Relazioni Internazionalivia Palladio n. 8 &#8211; 33100 Udine (UD) &#8211; [&hellip;]","protected":false},"author":1,"featured_media":0,"comment_status":"","ping_status":"","sticky":false,"template":"","format":"standard","meta":{"footnotes":""},"tags":[],"class_list":["post-2030","post","type-post","status-publish","format-standard","hentry"],"_links":{"self":[{"href":"https:\/\/consrosario.esteri.it\/es\/wp-json\/wp\/v2\/posts\/2030","targetHints":{"allow":["GET"]}}],"collection":[{"href":"https:\/\/consrosario.esteri.it\/es\/wp-json\/wp\/v2\/posts"}],"about":[{"href":"https:\/\/consrosario.esteri.it\/es\/wp-json\/wp\/v2\/types\/post"}],"author":[{"embeddable":true,"href":"https:\/\/consrosario.esteri.it\/es\/wp-json\/wp\/v2\/users\/1"}],"replies":[{"embeddable":true,"href":"https:\/\/consrosario.esteri.it\/es\/wp-json\/wp\/v2\/comments?post=2030"}],"version-history":[{"count":0,"href":"https:\/\/consrosario.esteri.it\/es\/wp-json\/wp\/v2\/posts\/2030\/revisions"}],"wp:attachment":[{"href":"https:\/\/consrosario.esteri.it\/es\/wp-json\/wp\/v2\/media?parent=2030"}],"wp:term":[{"taxonomy":"post_tag","embeddable":true,"href":"https:\/\/consrosario.esteri.it\/es\/wp-json\/wp\/v2\/tags?post=2030"}],"curies":[{"name":"wp","href":"https:\/\/api.w.org\/{rel}","templated":true}]}}