{"id":2080,"date":"2018-01-26T17:39:40","date_gmt":"2018-01-26T20:39:40","guid":{"rendered":"https:\/\/consrosario.esteri.it\/news\/dal_consolato\/2018\/01\/xviii-settimana-della-lingua-italiana-2\/"},"modified":"2018-01-26T17:39:40","modified_gmt":"2018-01-26T20:39:40","slug":"xviii-settimana-della-lingua-italiana-2","status":"publish","type":"post","link":"https:\/\/consrosario.esteri.it\/es\/news\/dal_consolato\/2018\/01\/xviii-settimana-della-lingua-italiana-2\/","title":{"rendered":"XVIII Settimana della Lingua Italiana nel Mondo &#8211; \u00abL&#8217;ITALIANO E LA RETE, LE RETI PER L&#8217;ITALIANO\u00bb"},"content":{"rendered":"<p>El Ministerio de Asuntos Exteriores y de la Cooperaci\u00f3n Internacional informa que la XVIII Edici\u00f3n de la \u00abSettimana della Lingua Italiana\u00bb tendr\u00e1 lugar desde el 15 al 21 de octubre de 2018 y tendr\u00e1 como t\u00edtulo \u00abL&#8217;ITALIANO E LA RETE, LE RETI PER L&#8217;ITALIANO\u00bb.<\/p>\n<p>Se trata de un tema de gran actualidad que permitir\u00e1 profundizar las influencias y los lazos existentes entre la lengua italiana, el mundo de internet y las nuevas tecnolog\u00edas de la informaci\u00f3n y de la comunicaci\u00f3n, incluidas las plataformas de las redes sociales. La Accademia della Crusca realizar\u00e1 el pr\u00f3ximo a\u00f1o un libro sobre el tema en cuesti\u00f3n y comunic\u00f3 algunas informaciones sobre las investigaciones que pretende emprender sobre el estado del italiano as\u00ed como el censo de los recursos disponibles en la red.<\/p>\n<p>El tema podr\u00e1 ser explorado bajo m\u00faltiples aspectos, permitiendo activar todas las sinerg\u00edas posibles con otros \u00e1mbitos culturales.<\/p>\n<p>Esta edici\u00f3n ser\u00e1 tambi\u00e9n organizada en colaboraci\u00f3n con la Accademia della Crusca, la Societ\u00e0 Dante Alighieri, la Confederazione Elvetica y el MIBACT.<\/p>\n<p>En consideraci\u00f3n de la importancia y del creciente inter\u00e9s en esta inicitaiva, la definici\u00f3n del tema de la Semana de la Lengua 2018 con larga anticipaci\u00f3n permitir\u00e1 una mejor programaci\u00f3n de los eventos.<\/p>\n<p>El MAECI agradece por la gran variedad de la programci\u00f3n y la calidad ofrecida en ocasi\u00f3n de la XVII edici\u00f3n de la Semana de la Lengua italiana que en 2017 centr\u00f3 el protagonismo en el cine: el tema elegido fue muy apreciado, obtuvo el reconocimiento de la Accademia della Crusca y todas las actividades organizadas en el exterior fueron reconocidas en los canales de la RAI, como tambi\u00e9n en los sitios web y las redes sociales del MAECI. Para m\u00e1s informaciones, se aconseja visitar el Portal de la Lingua italiana.<\/p>\n","protected":false},"excerpt":{"rendered":"El Ministerio de Asuntos Exteriores y de la Cooperaci\u00f3n Internacional informa que la XVIII Edici\u00f3n de la \u00abSettimana della Lingua Italiana\u00bb tendr\u00e1 lugar desde el 15 al 21 de octubre de 2018 y tendr\u00e1 como t\u00edtulo \u00abL&#8217;ITALIANO E LA RETE, LE RETI PER L&#8217;ITALIANO\u00bb. Se trata de un tema de gran actualidad que permitir\u00e1 profundizar [&hellip;]","protected":false},"author":1,"featured_media":0,"comment_status":"","ping_status":"","sticky":false,"template":"","format":"standard","meta":{"footnotes":""},"tags":[],"class_list":["post-2080","post","type-post","status-publish","format-standard","hentry"],"_links":{"self":[{"href":"https:\/\/consrosario.esteri.it\/es\/wp-json\/wp\/v2\/posts\/2080","targetHints":{"allow":["GET"]}}],"collection":[{"href":"https:\/\/consrosario.esteri.it\/es\/wp-json\/wp\/v2\/posts"}],"about":[{"href":"https:\/\/consrosario.esteri.it\/es\/wp-json\/wp\/v2\/types\/post"}],"author":[{"embeddable":true,"href":"https:\/\/consrosario.esteri.it\/es\/wp-json\/wp\/v2\/users\/1"}],"replies":[{"embeddable":true,"href":"https:\/\/consrosario.esteri.it\/es\/wp-json\/wp\/v2\/comments?post=2080"}],"version-history":[{"count":0,"href":"https:\/\/consrosario.esteri.it\/es\/wp-json\/wp\/v2\/posts\/2080\/revisions"}],"wp:attachment":[{"href":"https:\/\/consrosario.esteri.it\/es\/wp-json\/wp\/v2\/media?parent=2080"}],"wp:term":[{"taxonomy":"post_tag","embeddable":true,"href":"https:\/\/consrosario.esteri.it\/es\/wp-json\/wp\/v2\/tags?post=2080"}],"curies":[{"name":"wp","href":"https:\/\/api.w.org\/{rel}","templated":true}]}}