{"id":2102,"date":"2017-12-28T20:36:02","date_gmt":"2017-12-28T23:36:02","guid":{"rendered":"https:\/\/consrosario.esteri.it\/news\/dal_consolato\/2017\/12\/chiusura-temporanea-del-vice-consolato-2\/"},"modified":"2017-12-28T20:36:02","modified_gmt":"2017-12-28T23:36:02","slug":"chiusura-temporanea-del-vice-consolato-2","status":"publish","type":"post","link":"https:\/\/consrosario.esteri.it\/es\/news\/dal_consolato\/2017\/12\/chiusura-temporanea-del-vice-consolato-2\/","title":{"rendered":"Cierre temporal del Viceconsulado Honorario de Santa Fe"},"content":{"rendered":"<p>A ra\u00edz de su moment\u00e1nea renuncia al Viceconsulado Honorario de Santa Fe, se agradece al Vicec\u00f3nsul Honorario Dino Gaetano Novello\u00a0el encomiable servicio prestado hasta ahora.<\/p>\n","protected":false},"excerpt":{"rendered":"A ra\u00edz de su moment\u00e1nea renuncia al Viceconsulado Honorario de Santa Fe, se agradece al Vicec\u00f3nsul Honorario Dino Gaetano Novello\u00a0el encomiable servicio prestado hasta ahora.","protected":false},"author":1,"featured_media":0,"comment_status":"","ping_status":"","sticky":false,"template":"","format":"standard","meta":{"footnotes":""},"tags":[],"class_list":["post-2102","post","type-post","status-publish","format-standard","hentry"],"_links":{"self":[{"href":"https:\/\/consrosario.esteri.it\/es\/wp-json\/wp\/v2\/posts\/2102","targetHints":{"allow":["GET"]}}],"collection":[{"href":"https:\/\/consrosario.esteri.it\/es\/wp-json\/wp\/v2\/posts"}],"about":[{"href":"https:\/\/consrosario.esteri.it\/es\/wp-json\/wp\/v2\/types\/post"}],"author":[{"embeddable":true,"href":"https:\/\/consrosario.esteri.it\/es\/wp-json\/wp\/v2\/users\/1"}],"replies":[{"embeddable":true,"href":"https:\/\/consrosario.esteri.it\/es\/wp-json\/wp\/v2\/comments?post=2102"}],"version-history":[{"count":0,"href":"https:\/\/consrosario.esteri.it\/es\/wp-json\/wp\/v2\/posts\/2102\/revisions"}],"wp:attachment":[{"href":"https:\/\/consrosario.esteri.it\/es\/wp-json\/wp\/v2\/media?parent=2102"}],"wp:term":[{"taxonomy":"post_tag","embeddable":true,"href":"https:\/\/consrosario.esteri.it\/es\/wp-json\/wp\/v2\/tags?post=2102"}],"curies":[{"name":"wp","href":"https:\/\/api.w.org\/{rel}","templated":true}]}}