{"id":7159,"date":"2025-03-07T10:34:56","date_gmt":"2025-03-07T13:34:56","guid":{"rendered":"https:\/\/consrosario.esteri.it\/news\/dal_consolato\/2025\/03\/seconda-edizione-programma-di-formazione-i-act-italy-irena-action-for-climate-toolkit-pubblicizzazione-bando-irena-giovani-formatori-termine-21-marzo-2025\/"},"modified":"2025-03-07T10:40:07","modified_gmt":"2025-03-07T13:40:07","slug":"seconda-edizione-programma-di-formazione-i-act-italy-irena-action-for-climate-toolkit-pubblicizzazione-bando-irena-giovani-formatori-termine-21-marzo-2025","status":"publish","type":"post","link":"https:\/\/consrosario.esteri.it\/es\/news\/dal_consolato\/2025\/03\/seconda-edizione-programma-di-formazione-i-act-italy-irena-action-for-climate-toolkit-pubblicizzazione-bando-irena-giovani-formatori-termine-21-marzo-2025\/","title":{"rendered":"Segunda edici\u00f3n del programa de formaci\u00f3n \u201cI ACT\u201d (Italy-IRENA Action for Climate Toolkit). Difusi\u00f3n de la convocatoria IRENA para j\u00f3venes formadores (plazo: 21 de marzo de 2025)"},"content":{"rendered":"<p style=\"text-align: justify;\" data-start=\"186\" data-end=\"449\">En 2025 tendr\u00e1 lugar la segunda edici\u00f3n del programa de formaci\u00f3n \u201cI ACT\u201d (Italy-IRENA Action for Climate Toolkit) en colaboraci\u00f3n con IRENA (Agencia Internacional de Energ\u00edas Renovables), centrado en los temas de la transici\u00f3n energ\u00e9tica y el cambio clim\u00e1tico.<br \/>\nEl objetivo del programa es promover el conocimiento y la capacidad formativa de j\u00f3venes l\u00edderes internacionales en los \u00e1mbitos de la transici\u00f3n energ\u00e9tica, el cambio clim\u00e1tico y el desarrollo sostenible.<br \/>\nPara m\u00e1s informaci\u00f3n, consulte la convocatoria aqu\u00ed: <a href=\"https:\/\/fs27.formsite.com\/qFthFD\/qyzn7dtxjm\/index\" target=\"_new\" rel=\"noopener\" data-start=\"712\" data-end=\"771\">enlace<\/a> (plazo: 21 de marzo de 2025).<\/p>\n<p style=\"text-align: justify;\">M\u00e1s informaci\u00f3n sobre el programa \u00abI ACT\u00bb [<a href=\"https:\/\/consrosario.esteri.it\/wp-content\/uploads\/2025\/03\/74110152130629.docx-I-ACT-Allegato.pdf\">cliquear aqu\u00ed<\/a>]<\/p>\n","protected":false},"excerpt":{"rendered":"En 2025 tendr\u00e1 lugar la segunda edici\u00f3n del programa de formaci\u00f3n \u201cI ACT\u201d (Italy-IRENA Action for Climate Toolkit) en colaboraci\u00f3n con IRENA (Agencia Internacional de Energ\u00edas Renovables), centrado en los temas de la transici\u00f3n energ\u00e9tica y el cambio clim\u00e1tico. El objetivo del programa es promover el conocimiento y la capacidad formativa de j\u00f3venes l\u00edderes internacionales [&hellip;]","protected":false},"author":5,"featured_media":7152,"comment_status":"closed","ping_status":"closed","sticky":false,"template":"","format":"standard","meta":{"footnotes":""},"tags":[],"class_list":["post-7159","post","type-post","status-publish","format-standard","has-post-thumbnail","hentry"],"_links":{"self":[{"href":"https:\/\/consrosario.esteri.it\/es\/wp-json\/wp\/v2\/posts\/7159","targetHints":{"allow":["GET"]}}],"collection":[{"href":"https:\/\/consrosario.esteri.it\/es\/wp-json\/wp\/v2\/posts"}],"about":[{"href":"https:\/\/consrosario.esteri.it\/es\/wp-json\/wp\/v2\/types\/post"}],"author":[{"embeddable":true,"href":"https:\/\/consrosario.esteri.it\/es\/wp-json\/wp\/v2\/users\/5"}],"replies":[{"embeddable":true,"href":"https:\/\/consrosario.esteri.it\/es\/wp-json\/wp\/v2\/comments?post=7159"}],"version-history":[{"count":2,"href":"https:\/\/consrosario.esteri.it\/es\/wp-json\/wp\/v2\/posts\/7159\/revisions"}],"predecessor-version":[{"id":7163,"href":"https:\/\/consrosario.esteri.it\/es\/wp-json\/wp\/v2\/posts\/7159\/revisions\/7163"}],"wp:featuredmedia":[{"embeddable":true,"href":"https:\/\/consrosario.esteri.it\/es\/wp-json\/wp\/v2\/media\/7152"}],"wp:attachment":[{"href":"https:\/\/consrosario.esteri.it\/es\/wp-json\/wp\/v2\/media?parent=7159"}],"wp:term":[{"taxonomy":"post_tag","embeddable":true,"href":"https:\/\/consrosario.esteri.it\/es\/wp-json\/wp\/v2\/tags?post=7159"}],"curies":[{"name":"wp","href":"https:\/\/api.w.org\/{rel}","templated":true}]}}