{"id":7747,"date":"2025-04-09T08:41:37","date_gmt":"2025-04-09T11:41:37","guid":{"rendered":"https:\/\/consrosario.esteri.it\/news\/dal_consolato\/2025\/04\/leggiamo-insieme-festa-della-liberazione\/"},"modified":"2025-04-09T08:44:39","modified_gmt":"2025-04-09T11:44:39","slug":"leggiamo-insieme-festa-della-liberazione","status":"publish","type":"post","link":"https:\/\/consrosario.esteri.it\/es\/news\/dal_consolato\/2025\/04\/leggiamo-insieme-festa-della-liberazione\/","title":{"rendered":"LEGGIAMO INSIEME: Festa della Liberazione"},"content":{"rendered":"<p class=\"\" style=\"text-align: justify;\" data-start=\"44\" data-end=\"322\"><em>\u00abYa est\u00e1, la guerra ha terminado. Se ha hecho el silencio sobre Europa, y en los mares alrededor vuelven a navegar por la noche las luces\u2026 Comencemos de nuevo, amigos, a dormir sin sobresaltos, a decir \u2018ma\u00f1ana\u2019, a olvidar la muerte.\u201d<\/em> (D. Buzzati, <em data-start=\"297\" data-end=\"321\">En ese preciso momento<\/em>)<\/p>\n<p class=\"\" style=\"text-align: justify;\" data-start=\"324\" data-end=\"587\"><strong>\u00a1Celebremos juntos la Fiesta de la Liberaci\u00f3n!<\/strong><br data-start=\"370\" data-end=\"373\" \/>El Departamento de Italian\u00edstica de la UNR invita a toda la comunidad al encuentro virtual de lectura en italiano <strong data-start=\"487\" data-end=\"506\">\u201cLeggiamo insieme\u201d (\u00ab<em>Leamos juntos\u00bb)<\/em><\/strong>, que se llevar\u00e1 a cabo el s\u00e1bado <strong data-start=\"540\" data-end=\"587\">26 de abril a las 10 hs. (hora de Argentina).<\/strong><\/p>\n<p class=\"\" style=\"text-align: justify;\" data-start=\"589\" data-end=\"836\">En ocasi\u00f3n de la <em data-start=\"609\" data-end=\"634\">Festa della Liberazione<\/em> \u2014 jornada que desde 1946 celebra el fin de la ocupaci\u00f3n nazi y del r\u00e9gimen fascista en Italia \u2014 nos uniremos en una marat\u00f3n de lecturas dedicadas a la <strong data-start=\"786\" data-end=\"798\">libertad<\/strong>, la <strong data-start=\"803\" data-end=\"814\">memoria<\/strong> y la <strong data-start=\"820\" data-end=\"835\">resistencia<\/strong>.<\/p>\n<p class=\"\" style=\"text-align: justify;\" data-start=\"838\" data-end=\"1063\">\u00bfQui\u00e9nes pueden participar?<br data-start=\"868\" data-end=\"871\" \/>\u00a1Todos! Estudiantes, docentes, periodistas, miembros de la comunidad italiana y apasionados de la lengua y la cultura del Bel Paese.<br data-start=\"1003\" data-end=\"1006\" \/>Se puede participar como <strong data-start=\"1031\" data-end=\"1043\">lectores<\/strong> o como <strong data-start=\"1051\" data-end=\"1062\">oyentes<\/strong>.<\/p>\n<p class=\"\" style=\"text-align: justify;\" data-start=\"1065\" data-end=\"1345\">Los lectores elegir\u00e1n libremente un breve texto en italiano (poes\u00eda, prosa, art\u00edculo, fragmento hist\u00f3rico, etc.) y lo leer\u00e1n tras una breve presentaci\u00f3n personal.<br data-start=\"1230\" data-end=\"1233\" \/>Duraci\u00f3n m\u00e1xima de la lectura: 3 minutos.<br data-start=\"1276\" data-end=\"1279\" \/>El encuentro ser\u00e1 moderado por la Prof. Mar\u00eda Cecilia Micetich.<\/p>\n<p class=\"\" style=\"text-align: justify;\" data-start=\"1347\" data-end=\"1635\">Modalidad: Virtual (Meet\/Zoom)<br data-start=\"1380\" data-end=\"1383\" \/>Inscripci\u00f3n obligatoria en el siguiente enlace: <a class=\"\" href=\"https:\/\/forms.gle\/PT5Q51XDK2fYYXiz7\" target=\"_new\" rel=\"noopener\" data-start=\"1434\" data-end=\"1469\">https:\/\/forms.gle\/PT5Q51XDK2fYYXiz7<\/a><br data-start=\"1469\" data-end=\"1472\" \/>Informaci\u00f3n: <a href=\"mailto:ceciliamicetich23@gmail.com\" rel=\"noopener\" data-start=\"1488\" data-end=\"1515\">ceciliamicetich23@gmail.com<\/a><br data-start=\"1515\" data-end=\"1518\" \/>Todos los inscriptos recibir\u00e1n por correo electr\u00f3nico el enlace para acceder al evento y la informaci\u00f3n necesaria.<\/p>\n","protected":false},"excerpt":{"rendered":"\u00abYa est\u00e1, la guerra ha terminado. Se ha hecho el silencio sobre Europa, y en los mares alrededor vuelven a navegar por la noche las luces\u2026 Comencemos de nuevo, amigos, a dormir sin sobresaltos, a decir \u2018ma\u00f1ana\u2019, a olvidar la muerte.\u201d (D. Buzzati, En ese preciso momento) \u00a1Celebremos juntos la Fiesta de la Liberaci\u00f3n!El Departamento [&hellip;]","protected":false},"author":5,"featured_media":7741,"comment_status":"closed","ping_status":"closed","sticky":false,"template":"","format":"standard","meta":{"footnotes":""},"tags":[],"class_list":["post-7747","post","type-post","status-publish","format-standard","has-post-thumbnail","hentry"],"_links":{"self":[{"href":"https:\/\/consrosario.esteri.it\/es\/wp-json\/wp\/v2\/posts\/7747","targetHints":{"allow":["GET"]}}],"collection":[{"href":"https:\/\/consrosario.esteri.it\/es\/wp-json\/wp\/v2\/posts"}],"about":[{"href":"https:\/\/consrosario.esteri.it\/es\/wp-json\/wp\/v2\/types\/post"}],"author":[{"embeddable":true,"href":"https:\/\/consrosario.esteri.it\/es\/wp-json\/wp\/v2\/users\/5"}],"replies":[{"embeddable":true,"href":"https:\/\/consrosario.esteri.it\/es\/wp-json\/wp\/v2\/comments?post=7747"}],"version-history":[{"count":1,"href":"https:\/\/consrosario.esteri.it\/es\/wp-json\/wp\/v2\/posts\/7747\/revisions"}],"predecessor-version":[{"id":7748,"href":"https:\/\/consrosario.esteri.it\/es\/wp-json\/wp\/v2\/posts\/7747\/revisions\/7748"}],"wp:featuredmedia":[{"embeddable":true,"href":"https:\/\/consrosario.esteri.it\/es\/wp-json\/wp\/v2\/media\/7741"}],"wp:attachment":[{"href":"https:\/\/consrosario.esteri.it\/es\/wp-json\/wp\/v2\/media?parent=7747"}],"wp:term":[{"taxonomy":"post_tag","embeddable":true,"href":"https:\/\/consrosario.esteri.it\/es\/wp-json\/wp\/v2\/tags?post=7747"}],"curies":[{"name":"wp","href":"https:\/\/api.w.org\/{rel}","templated":true}]}}