{"id":7917,"date":"2025-05-16T14:52:56","date_gmt":"2025-05-16T17:52:56","guid":{"rendered":"https:\/\/consrosario.esteri.it\/news\/dal_consolato\/2025\/05\/webinar-le-sicilie-del-xxi-secolo-tra-storia-e-stereotipi\/"},"modified":"2025-05-16T15:10:02","modified_gmt":"2025-05-16T18:10:02","slug":"webinar-le-sicilie-del-xxi-secolo-tra-storia-e-stereotipi","status":"publish","type":"post","link":"https:\/\/consrosario.esteri.it\/es\/news\/dal_consolato\/2025\/05\/webinar-le-sicilie-del-xxi-secolo-tra-storia-e-stereotipi\/","title":{"rendered":"Webinar \u201cLas Sicilias del siglo XXI: entre historia y estereotipos\u00bb"},"content":{"rendered":"<p style=\"text-align: justify;\">En el marco de las actividades ling\u00fc\u00edsticas y culturales que se desarrollan en el Centro Intercultural de Lenguas- CILEN, <em>sede Paran\u00e1<\/em>, dependiente de la Facultad de Humanidades, Artes y Sociales- UADER-, con la colaboraci\u00f3n de la Asociaci\u00f3n cultural y recreativa familias sicilianas, y el apoyo del consulado General de Italia en Rosario, se llevar\u00e1 a cabo el webinar \u201c<strong>Las Sicilias del siglo XXI: entre historia y estereotipos\u201d <\/strong>en el marco de:<em> Agrigento, Capital Italiana de la Cultura 2025- <\/em>S\u00edmbolo de la riqueza cultural mediterr\u00e1nea-<\/p>\n<p style=\"text-align: justify;\"><strong>\u00a0<\/strong>La actividad ling\u00fc\u00edstica y cultural reunir\u00e1 a referentes cient\u00edficos de Italia y Argentina desde una perspectiva multidisciplinaria abarcando la literatura, historia del arte, filosof\u00eda, teatro y cine, con el objeto de examinar a Sicilia como s\u00edmbolo de la riqueza cultural mediterr\u00e1nea y oportunidad para repensar la relaci\u00f3n entre herencia hist\u00f3rica y las narrativas contempor\u00e1neas.<\/p>\n<p style=\"text-align: justify;\"><strong>\u00a0<\/strong><strong>Evento virtual<\/strong> <strong>sincr\u00f3nico | <\/strong>enlace: <a href=\"https:\/\/meet.google.com\/xvp-ecng-muo\">https:\/\/meet.google.com\/xvp-ecng-muo<\/a><\/p>\n<p style=\"text-align: justify;\"><strong>Fecha: <\/strong>mi\u00e9rcoles 28 de mayo<\/p>\n<p style=\"text-align: justify;\"><strong>Hora: <\/strong>16:00 (AR) | 21:00 (IT)<\/p>\n<p style=\"text-align: justify;\"><strong>Inscripciones:<\/strong> para participar del evento virtual y recibir tu certificado en calidad de \u201casistente\u201d, reg\u00edstrate aqu\u00ed:\u00a0 <a href=\"https:\/\/forms.gle\/dvivLe1Bo5XiiGa58\">https:\/\/forms.gle\/dvivLe1Bo5XiiGa58<\/a><\/p>\n<p style=\"text-align: justify;\"><strong>\u00a0<\/strong><strong>Modera:<\/strong> Esp. Natalia Santill\u00e1n<\/p>\n<p style=\"text-align: justify;\"><strong><u>Expositores:<\/u><\/strong><\/p>\n<p style=\"text-align: justify;\"><strong><em>Alessio Arena: <\/em><\/strong>L\u2019Opera dei pupi nel XXI secolo oltre gli stereotipi: tradizioni, sperimentazioni e celebrazioni<em>.<\/em><\/p>\n<p style=\"text-align: justify;\"><strong><em>Fabrizio Catalano: <\/em><\/strong>Sicilia y cine, entre estereotipos y magia<\/p>\n<p style=\"text-align: justify;\"><strong><em>Giuseppe Pappalardo: <\/em><\/strong>Il dialetto siciliano in Pirandello drammaturgo.<\/p>\n<p style=\"text-align: justify;\"><strong><em>Nora Sforza:<\/em><\/strong> Entre el cuento y el teatro \u201cSeis personajes en busca de autor\u201d de Luigi Pirandello.<\/p>\n<p style=\"text-align: justify;\"><strong><em>Valeria Ans\u00f3: <\/em><\/strong><em>In giro per la Sicilia e la sua letteratura.<\/em><\/p>\n","protected":false},"excerpt":{"rendered":"En el marco de las actividades ling\u00fc\u00edsticas y culturales que se desarrollan en el Centro Intercultural de Lenguas- CILEN, sede Paran\u00e1, dependiente de la Facultad de Humanidades, Artes y Sociales- UADER-, con la colaboraci\u00f3n de la Asociaci\u00f3n cultural y recreativa familias sicilianas, y el apoyo del consulado General de Italia en Rosario, se llevar\u00e1 a [&hellip;]","protected":false},"author":5,"featured_media":7913,"comment_status":"closed","ping_status":"closed","sticky":false,"template":"","format":"standard","meta":{"footnotes":""},"tags":[],"class_list":["post-7917","post","type-post","status-publish","format-standard","has-post-thumbnail","hentry"],"_links":{"self":[{"href":"https:\/\/consrosario.esteri.it\/es\/wp-json\/wp\/v2\/posts\/7917","targetHints":{"allow":["GET"]}}],"collection":[{"href":"https:\/\/consrosario.esteri.it\/es\/wp-json\/wp\/v2\/posts"}],"about":[{"href":"https:\/\/consrosario.esteri.it\/es\/wp-json\/wp\/v2\/types\/post"}],"author":[{"embeddable":true,"href":"https:\/\/consrosario.esteri.it\/es\/wp-json\/wp\/v2\/users\/5"}],"replies":[{"embeddable":true,"href":"https:\/\/consrosario.esteri.it\/es\/wp-json\/wp\/v2\/comments?post=7917"}],"version-history":[{"count":1,"href":"https:\/\/consrosario.esteri.it\/es\/wp-json\/wp\/v2\/posts\/7917\/revisions"}],"predecessor-version":[{"id":7920,"href":"https:\/\/consrosario.esteri.it\/es\/wp-json\/wp\/v2\/posts\/7917\/revisions\/7920"}],"wp:featuredmedia":[{"embeddable":true,"href":"https:\/\/consrosario.esteri.it\/es\/wp-json\/wp\/v2\/media\/7913"}],"wp:attachment":[{"href":"https:\/\/consrosario.esteri.it\/es\/wp-json\/wp\/v2\/media?parent=7917"}],"wp:term":[{"taxonomy":"post_tag","embeddable":true,"href":"https:\/\/consrosario.esteri.it\/es\/wp-json\/wp\/v2\/tags?post=7917"}],"curies":[{"name":"wp","href":"https:\/\/api.w.org\/{rel}","templated":true}]}}