{"id":8029,"date":"2025-05-28T10:46:59","date_gmt":"2025-05-28T13:46:59","guid":{"rendered":"https:\/\/consrosario.esteri.it\/news\/dal_consolato\/2025\/05\/leggiamo-insieme-festa-della-repubblica-italiana-2\/"},"modified":"2025-05-28T10:49:43","modified_gmt":"2025-05-28T13:49:43","slug":"leggiamo-insieme-festa-della-repubblica-italiana-2","status":"publish","type":"post","link":"https:\/\/consrosario.esteri.it\/es\/news\/dal_consolato\/2025\/05\/leggiamo-insieme-festa-della-repubblica-italiana-2\/","title":{"rendered":"Leggiamo insieme: Fiesta de la Rep\u00fablica Italiana"},"content":{"rendered":"<p style=\"text-align: justify;\" data-start=\"94\" data-end=\"381\"><strong data-start=\"94\" data-end=\"381\">Con motivo de la Fiesta de la Rep\u00fablica Italiana, el Departamento de Italian\u00edstica de la Universidad Nacional de Rosario (UNR) invita a participar del evento online \u201cLeggiamo insieme\u201d.<\/strong><\/p>\n<p style=\"text-align: justify;\" data-start=\"383\" data-end=\"667\">La iniciativa tendr\u00e1 lugar el s\u00e1bado 14 de junio a las 10:00 (hora argentina) y consistir\u00e1 en una <strong data-start=\"481\" data-end=\"517\">lectura coral en lengua italiana<\/strong>, abierta a estudiantes, docentes, periodistas, representantes de la comunidad italiana y a todos los amantes de la lengua y la cultura del Bel Paese.<\/p>\n<p style=\"text-align: justify;\" data-start=\"669\" data-end=\"932\">Durante las dos horas del encuentro, se suceder\u00e1n lecturas en voz alta de textos \u2013 poemas, fragmentos narrativos, ensayos, art\u00edculos \u2013 que evoquen el significado de la <strong data-start=\"837\" data-end=\"872\">Fiesta de la Rep\u00fablica Italiana<\/strong>, as\u00ed como los valores de <strong data-start=\"898\" data-end=\"931\">patria, libertad y democracia<\/strong>.<\/p>\n<p style=\"text-align: justify;\" data-start=\"934\" data-end=\"1051\">El evento ser\u00e1 moderado por la Prof. Mar\u00eda Cecilia Micetich.<br data-start=\"994\" data-end=\"997\" \/><strong data-start=\"997\" data-end=\"1051\">La participaci\u00f3n es gratuita y abierta al p\u00fablico.<\/strong><\/p>\n<p style=\"text-align: justify;\" data-start=\"1053\" data-end=\"1330\"><strong data-start=\"1056\" data-end=\"1087\">\u00bfQui\u00e9nes pueden participar?<\/strong><br data-start=\"1087\" data-end=\"1090\" \/>\u00a1Todos! Se puede participar como <strong data-start=\"1123\" data-end=\"1135\">lectores<\/strong> o simplemente como <strong data-start=\"1155\" data-end=\"1166\">oyentes<\/strong>. Los lectores podr\u00e1n elegir libremente un breve texto en italiano (duraci\u00f3n m\u00e1xima de la lectura: 3 minutos), que deber\u00e1n presentar brevemente antes de la lectura.<\/p>\n<p style=\"text-align: justify;\" data-start=\"1332\" data-end=\"1463\"><strong data-start=\"1335\" data-end=\"1362\">Inscripci\u00f3n obligatoria<\/strong> en el siguiente enlace: <a class=\"\" href=\"https:\/\/forms.gle\/xV3D8wisaLTWJCpp9\" target=\"_new\" rel=\"noopener\" data-start=\"1389\" data-end=\"1463\">https:\/\/forms.gle\/xV3D8wisaLTWJCpp9<\/a><\/p>\n<p style=\"text-align: justify;\" data-start=\"1465\" data-end=\"1517\">Para m\u00e1s informaci\u00f3n: <a class=\"cursor-pointer\" href=\"mailto:ceciliamicetich23@gmail.com\" rel=\"noopener\" data-start=\"1490\" data-end=\"1517\">ceciliamicetich23@gmail.com<\/a><\/p>\n<p style=\"text-align: justify;\" data-start=\"1519\" data-end=\"1721\">Los inscriptos recibir\u00e1n por correo electr\u00f3nico el enlace de acceso al evento y la informaci\u00f3n necesaria. En caso de dificultades t\u00e9cnicas o log\u00edsticas, ser\u00e1 posible ser incluido en la lista de reserva.<\/p>\n","protected":false},"excerpt":{"rendered":"Con motivo de la Fiesta de la Rep\u00fablica Italiana, el Departamento de Italian\u00edstica de la Universidad Nacional de Rosario (UNR) invita a participar del evento online \u201cLeggiamo insieme\u201d. La iniciativa tendr\u00e1 lugar el s\u00e1bado 14 de junio a las 10:00 (hora argentina) y consistir\u00e1 en una lectura coral en lengua italiana, abierta a estudiantes, docentes, [&hellip;]","protected":false},"author":5,"featured_media":8023,"comment_status":"closed","ping_status":"closed","sticky":false,"template":"","format":"standard","meta":{"footnotes":""},"tags":[],"class_list":["post-8029","post","type-post","status-publish","format-standard","has-post-thumbnail","hentry"],"_links":{"self":[{"href":"https:\/\/consrosario.esteri.it\/es\/wp-json\/wp\/v2\/posts\/8029","targetHints":{"allow":["GET"]}}],"collection":[{"href":"https:\/\/consrosario.esteri.it\/es\/wp-json\/wp\/v2\/posts"}],"about":[{"href":"https:\/\/consrosario.esteri.it\/es\/wp-json\/wp\/v2\/types\/post"}],"author":[{"embeddable":true,"href":"https:\/\/consrosario.esteri.it\/es\/wp-json\/wp\/v2\/users\/5"}],"replies":[{"embeddable":true,"href":"https:\/\/consrosario.esteri.it\/es\/wp-json\/wp\/v2\/comments?post=8029"}],"version-history":[{"count":1,"href":"https:\/\/consrosario.esteri.it\/es\/wp-json\/wp\/v2\/posts\/8029\/revisions"}],"predecessor-version":[{"id":8031,"href":"https:\/\/consrosario.esteri.it\/es\/wp-json\/wp\/v2\/posts\/8029\/revisions\/8031"}],"wp:featuredmedia":[{"embeddable":true,"href":"https:\/\/consrosario.esteri.it\/es\/wp-json\/wp\/v2\/media\/8023"}],"wp:attachment":[{"href":"https:\/\/consrosario.esteri.it\/es\/wp-json\/wp\/v2\/media?parent=8029"}],"wp:term":[{"taxonomy":"post_tag","embeddable":true,"href":"https:\/\/consrosario.esteri.it\/es\/wp-json\/wp\/v2\/tags?post=8029"}],"curies":[{"name":"wp","href":"https:\/\/api.w.org\/{rel}","templated":true}]}}