{"id":1747,"date":"2020-07-27T16:08:27","date_gmt":"2020-07-27T19:08:27","guid":{"rendered":"https:\/\/consrosario.esteri.it\/news\/dal_consolato\/2020\/07\/preparazione-alla-conferenza-degli\/"},"modified":"2020-07-27T16:08:27","modified_gmt":"2020-07-27T19:08:27","slug":"preparazione-alla-conferenza-degli","status":"publish","type":"post","link":"https:\/\/consrosario.esteri.it\/it\/news\/dal_consolato\/2020\/07\/preparazione-alla-conferenza-degli\/","title":{"rendered":"PREPARAZIONE ALLA CONFERENZA DEGLI ADDETTI SCIENTIFICI E SPAZIALI 2020. PREMIO PER I MIGLIORI RICERCATORI E FONDATORI DI START UP ITALIANI ALL&#8217;ESTERO &#8211; CANDIDATURE"},"content":{"rendered":"<p style=\"text-align: center;\"><img loading=\"lazy\" decoding=\"async\" src=\"resource\/img\/2020\/07\/maeci-consolato-generale-italia-v-it-05.png\" alt=\"maeci consolato generale italia v it 05\" width=\"250\" height=\"231\" \/><\/p>\n<p style=\"text-align: justify;\">In occasione della prossima edizione della Conferenza degli Addetti Scientifici e Spaziali, che vista l&#8217;attuale emergenza Covid19 sar\u00e0 organizzata il prossimo 26 novembre 2020 (data provvisoria, da confermare) con una formula <em>blended<\/em> ovvero in videoconferenza e streaming, si segnala che anche quest&#8217;anno, quale ulteriore sostegno al programma di promozione integrato, per favorire il collegamento tra il mondo della ricerca e quelle delle imprese, viene promossa la quarta edizione del Premio Farnesina per ricercatori e &#8220;startupper&#8221; italiani all&#8217;estero che pi\u00f9 si sono distinti nel contesto del Paese in cui operano. Il riconoscimento sar\u00e0 rappresentato da una medaglia e un &#8220;Diploma&#8221; del MAECI da consegnare nel corso della Conferenza.<\/p>\n<p>Al fine di stimolare le collaborazioni scientifiche con l&#8217;Italia sia nei Paesi presso i quali operano i nostri Addetti Scientifici e Spaziali che in quelli dove la comunit\u00e0 scientifica italiana \u00e8 gi\u00e0 attivamente presente, questa Sede consolare raccoglier\u00e0, <strong>scadenza 31 agosto 2020 ore 9:00 a.m.<\/strong>, le candidature dei pi\u00f9 brillanti ricercatori e &#8220;startupper&#8221; italiani di successo operanti nel territorio della Circoscrizione Consolare di Rosario.<\/p>\n<p>Si allega alla presente nota:<\/p>\n<p>&#8211; Allegato 1: <a href=\"resource\/doc\/2020\/07\/all._1_italian_bilateral_cooperation_award_call_for_nominations_2020_14.7.pdf\">Comunicato<\/a><br \/>&#8211; Allegato 2: <a href=\"resource\/doc\/2020\/07\/all_2_premio_innovazione_italia_2020_2_14.7.pdf\">Invito alla presentazione delle domande<\/a><\/p>\n<p style=\"text-align: center;\">\u00a0<\/p>\n<p style=\"text-align: center;\">IL CONSOLE GENERALE<br \/>(Martin Brook)<\/p>\n","protected":false},"excerpt":{"rendered":"In occasione della prossima edizione della Conferenza degli Addetti Scientifici e Spaziali, che vista l&#8217;attuale emergenza Covid19 sar\u00e0 organizzata il prossimo 26 novembre 2020 (data provvisoria, da confermare) con una formula blended ovvero in videoconferenza e streaming, si segnala che anche quest&#8217;anno, quale ulteriore sostegno al programma di promozione integrato, per favorire il collegamento tra [&hellip;]","protected":false},"author":1,"featured_media":0,"comment_status":"","ping_status":"","sticky":false,"template":"","format":"standard","meta":{"footnotes":""},"tags":[],"class_list":["post-1747","post","type-post","status-publish","format-standard","hentry"],"_links":{"self":[{"href":"https:\/\/consrosario.esteri.it\/it\/wp-json\/wp\/v2\/posts\/1747","targetHints":{"allow":["GET"]}}],"collection":[{"href":"https:\/\/consrosario.esteri.it\/it\/wp-json\/wp\/v2\/posts"}],"about":[{"href":"https:\/\/consrosario.esteri.it\/it\/wp-json\/wp\/v2\/types\/post"}],"author":[{"embeddable":true,"href":"https:\/\/consrosario.esteri.it\/it\/wp-json\/wp\/v2\/users\/1"}],"replies":[{"embeddable":true,"href":"https:\/\/consrosario.esteri.it\/it\/wp-json\/wp\/v2\/comments?post=1747"}],"version-history":[{"count":0,"href":"https:\/\/consrosario.esteri.it\/it\/wp-json\/wp\/v2\/posts\/1747\/revisions"}],"wp:attachment":[{"href":"https:\/\/consrosario.esteri.it\/it\/wp-json\/wp\/v2\/media?parent=1747"}],"wp:term":[{"taxonomy":"post_tag","embeddable":true,"href":"https:\/\/consrosario.esteri.it\/it\/wp-json\/wp\/v2\/tags?post=1747"}],"curies":[{"name":"wp","href":"https:\/\/api.w.org\/{rel}","templated":true}]}}