{"id":7262,"date":"2025-03-19T14:21:29","date_gmt":"2025-03-19T17:21:29","guid":{"rendered":"https:\/\/consrosario.esteri.it\/?p=7262"},"modified":"2025-03-19T14:51:36","modified_gmt":"2025-03-19T17:51:36","slug":"lezioni-aperte-di-letteratura-comparata-germania-e-italia","status":"publish","type":"post","link":"https:\/\/consrosario.esteri.it\/it\/news\/dal_consolato\/2025\/03\/lezioni-aperte-di-letteratura-comparata-germania-e-italia\/","title":{"rendered":"LEZIONI APERTE DI LETTERATURA COMPARATA: Germania e Italia"},"content":{"rendered":"<p style=\"text-align: justify;\">Le lezioni tratteranno aspetti culturali e letterari di autori tedeschi che vissero e scrissero in Italia dopo la Seconda Guerra Mondiale, trasformando il panorama culturale italiano ed europeo. Si tratter\u00e0 la costruzione di nuove identit\u00e0 democratiche europee e le influenze reciproche in filosofia, arte, cinema e letteratura. Particolare attenzione sar\u00e0 data al contesto storico e culturale di ogni paese.<\/p>\n<p style=\"text-align: justify;\">Organizzano:<br \/>\nC\u00e1tedra de Literatura Italiana y Francesa<br \/>\nC\u00e1tedra de Literatura Comparada F.H.U.C. Universidad Nacional del Litoral<\/p>\n","protected":false},"excerpt":{"rendered":"Le lezioni tratteranno aspetti culturali e letterari di autori tedeschi che vissero e scrissero in Italia dopo la Seconda Guerra Mondiale, trasformando il panorama culturale italiano ed europeo. Si tratter\u00e0 la costruzione di nuove identit\u00e0 democratiche europee e le influenze reciproche in filosofia, arte, cinema e letteratura. Particolare attenzione sar\u00e0 data al contesto storico e [&hellip;]","protected":false},"author":5,"featured_media":7263,"comment_status":"closed","ping_status":"closed","sticky":false,"template":"","format":"standard","meta":{"footnotes":""},"tags":[],"class_list":["post-7262","post","type-post","status-publish","format-standard","has-post-thumbnail","hentry"],"_links":{"self":[{"href":"https:\/\/consrosario.esteri.it\/it\/wp-json\/wp\/v2\/posts\/7262","targetHints":{"allow":["GET"]}}],"collection":[{"href":"https:\/\/consrosario.esteri.it\/it\/wp-json\/wp\/v2\/posts"}],"about":[{"href":"https:\/\/consrosario.esteri.it\/it\/wp-json\/wp\/v2\/types\/post"}],"author":[{"embeddable":true,"href":"https:\/\/consrosario.esteri.it\/it\/wp-json\/wp\/v2\/users\/5"}],"replies":[{"embeddable":true,"href":"https:\/\/consrosario.esteri.it\/it\/wp-json\/wp\/v2\/comments?post=7262"}],"version-history":[{"count":3,"href":"https:\/\/consrosario.esteri.it\/it\/wp-json\/wp\/v2\/posts\/7262\/revisions"}],"predecessor-version":[{"id":7278,"href":"https:\/\/consrosario.esteri.it\/it\/wp-json\/wp\/v2\/posts\/7262\/revisions\/7278"}],"wp:featuredmedia":[{"embeddable":true,"href":"https:\/\/consrosario.esteri.it\/it\/wp-json\/wp\/v2\/media\/7263"}],"wp:attachment":[{"href":"https:\/\/consrosario.esteri.it\/it\/wp-json\/wp\/v2\/media?parent=7262"}],"wp:term":[{"taxonomy":"post_tag","embeddable":true,"href":"https:\/\/consrosario.esteri.it\/it\/wp-json\/wp\/v2\/tags?post=7262"}],"curies":[{"name":"wp","href":"https:\/\/api.w.org\/{rel}","templated":true}]}}